{"id":11684,"date":"2024-12-18T22:51:45","date_gmt":"2024-12-18T22:51:45","guid":{"rendered":"https:\/\/larmgroup.com\/?p=11684"},"modified":"2025-03-16T03:02:06","modified_gmt":"2025-03-16T03:02:06","slug":"strategic-relocation-planning-peak-seasons-in-latam","status":"publish","type":"post","link":"https:\/\/larmgroup.com\/pt\/strategic-relocation-planning-peak-seasons-in-latam\/","title":{"rendered":"PLANEJAMENTO ESTRAT\u00c9GICO DE REALOCA\u00c7\u00c3O: POR QUE \u00c9 IMPORTANTE NAVEGAR PELAS \u00c9POCAS DE PICO DAS MUDAN\u00c7AS INTERNACIONAIS PARA A LATAM"},"content":{"rendered":"<div data-elementor-type=\"wp-post\" data-elementor-id=\"11684\" class=\"elementor elementor-11684\" data-elementor-post-type=\"post\">\n\t\t\t\t<div class=\"elementor-element elementor-element-c61b9a5 e-flex e-con-boxed e-con e-parent\" data-id=\"c61b9a5\" data-element_type=\"container\" data-e-type=\"container\">\n\t\t\t\t\t<div class=\"e-con-inner\">\n\t\t\t\t<div class=\"elementor-element elementor-element-c41b24a elementor-widget elementor-widget-text-editor\" data-id=\"c41b24a\" data-element_type=\"widget\" data-e-type=\"widget\" data-widget_type=\"text-editor.default\">\n\t\t\t\t\t\t\t\t\t<p><span style=\"font-weight: 400;\">A realoca\u00e7\u00e3o \u00e9 um dos processos mais complexos e multifacetados enfrentados por empresas e expatriados. Seja para a expans\u00e3o dos neg\u00f3cios, uma promo\u00e7\u00e3o de emprego ou uma nova vida em um pa\u00eds estrangeiro, a log\u00edstica envolvida na realoca\u00e7\u00e3o exige considera\u00e7\u00e3o cuidadosa. Desde requisitos legais, ajustes culturais, arranjos de moradia at\u00e9 a compreens\u00e3o dos sistemas de sa\u00fade, o processo pode ser esmagador.\u00a0<\/span><\/p><p><span style=\"font-weight: 400;\">Planejar sua realoca\u00e7\u00e3o com anteced\u00eancia \u00e9 fundamental - isso garante uma transi\u00e7\u00e3o tranquila, reduz o estresse e prepara voc\u00ea para o sucesso a longo prazo. A realoca\u00e7\u00e3o, especialmente internacional, envolve v\u00e1rias etapas, portanto, o planejamento estrat\u00e9gico \u00e9 fundamental para garantir uma experi\u00eancia perfeita.<\/span><\/p>\t\t\t\t\t\t\t\t<\/div>\n\t\t\t\t\t<\/div>\n\t\t\t\t<\/div>\n\t\t<div class=\"elementor-element elementor-element-b3eb7f6 e-flex e-con-boxed e-con e-parent\" data-id=\"b3eb7f6\" data-element_type=\"container\" data-e-type=\"container\">\n\t\t\t\t\t<div class=\"e-con-inner\">\n\t\t<div class=\"elementor-element elementor-element-ce71157 e-con-full e-flex e-con e-child\" data-id=\"ce71157\" data-element_type=\"container\" data-e-type=\"container\">\n\t\t\t\t<div class=\"elementor-element elementor-element-df86019 elementor-widget elementor-widget-text-editor\" data-id=\"df86019\" data-element_type=\"widget\" data-e-type=\"widget\" data-widget_type=\"text-editor.default\">\n\t\t\t\t\t\t\t\t\t<h2><b>Por que o planejamento de realoca\u00e7\u00e3o \u00e9 essencial<\/b><\/h2>\n<p><span style=\"font-weight: 400;\">A realoca\u00e7\u00e3o, especialmente a realoca\u00e7\u00e3o internacional para a Am\u00e9rica Latina (LATAM), pode ser uma tarefa assustadora que envolve muito mais do que apenas fazer as malas e mudar os pertences. \u00c9 necess\u00e1rio navegar por v\u00e1rias facetas: garantir vistos de trabalho, encontrar moradia adequada, lidar com as implica\u00e7\u00f5es fiscais, administrar a educa\u00e7\u00e3o dos filhos e ajustar-se \u00e0s novas normas culturais. Com o planejamento adequado, isso pode se tornar rapidamente administr\u00e1vel, com o risco de perder prazos cr\u00edticos ou deixar de cumprir obriga\u00e7\u00f5es legais ou financeiras.<\/span><\/p>\n<p><span style=\"font-weight: 400;\">Para as empresas, as realoca\u00e7\u00f5es mal executadas podem interromper a produtividade, afetar negativamente o moral dos funcion\u00e1rios e causar contratempos financeiros. Para os expatriados, a falta de planejamento pode resultar em atrasos, problemas de visto ou confus\u00e3o sobre a log\u00edstica de sua nova vida no exterior. Isso torna o planejamento estrat\u00e9gico de realoca\u00e7\u00e3o uma necessidade absoluta para cobrir todos os aspectos da mudan\u00e7a.<\/span><\/p>\n<p><span style=\"font-weight: 400;\">Ter uma compreens\u00e3o clara do processo e conhecer as \u00e9pocas de pico da mobilidade global permite que tanto as empresas quanto os expatriados organizem melhor seus cronogramas, or\u00e7amentos e expectativas. A mudan\u00e7a para a Am\u00e9rica Latina n\u00e3o \u00e9 diferente nesse aspecto: ao compreender as \u00e9pocas de pico, \u00e9 poss\u00edvel planejar e garantir uma mudan\u00e7a mais tranquila para funcion\u00e1rios e fam\u00edlias.<\/span><\/p>\t\t\t\t\t\t\t\t<\/div>\n\t\t\t\t<\/div>\n\t\t<div class=\"elementor-element elementor-element-74d6381 e-con-full e-flex e-con e-child\" data-id=\"74d6381\" data-element_type=\"container\" data-e-type=\"container\">\n\t\t\t\t<div class=\"elementor-element elementor-element-11903e1 elementor-widget elementor-widget-image\" data-id=\"11903e1\" data-element_type=\"widget\" data-e-type=\"widget\" data-widget_type=\"image.default\">\n\t\t\t\t\t\t\t\t\t\t\t\t\t\t\t<img fetchpriority=\"high\" decoding=\"async\" width=\"1706\" height=\"2560\" src=\"https:\/\/larmgroup.com\/wp-content\/uploads\/2024\/12\/priscilla-du-preez-nNMBa7Y1Ymk-unsplash-scaled.jpg\" class=\"attachment-full size-full wp-image-11687\" alt=\"global mobility\" srcset=\"https:\/\/larmgroup.com\/wp-content\/uploads\/2024\/12\/priscilla-du-preez-nNMBa7Y1Ymk-unsplash-scaled.jpg 1706w, https:\/\/larmgroup.com\/wp-content\/uploads\/2024\/12\/priscilla-du-preez-nNMBa7Y1Ymk-unsplash-200x300.jpg 200w, https:\/\/larmgroup.com\/wp-content\/uploads\/2024\/12\/priscilla-du-preez-nNMBa7Y1Ymk-unsplash-683x1024.jpg 683w, https:\/\/larmgroup.com\/wp-content\/uploads\/2024\/12\/priscilla-du-preez-nNMBa7Y1Ymk-unsplash-768x1152.jpg 768w, https:\/\/larmgroup.com\/wp-content\/uploads\/2024\/12\/priscilla-du-preez-nNMBa7Y1Ymk-unsplash-1024x1536.jpg 1024w, https:\/\/larmgroup.com\/wp-content\/uploads\/2024\/12\/priscilla-du-preez-nNMBa7Y1Ymk-unsplash-1365x2048.jpg 1365w, https:\/\/larmgroup.com\/wp-content\/uploads\/2024\/12\/priscilla-du-preez-nNMBa7Y1Ymk-unsplash-8x12.jpg 8w\" sizes=\"(max-width: 1706px) 100vw, 1706px\" \/>\t\t\t\t\t\t\t\t\t\t\t\t\t\t\t<\/div>\n\t\t\t\t<\/div>\n\t\t\t\t\t<\/div>\n\t\t\t\t<\/div>\n\t\t<div class=\"elementor-element elementor-element-b42b8d9 e-flex e-con-boxed e-con e-parent\" data-id=\"b42b8d9\" data-element_type=\"container\" data-e-type=\"container\">\n\t\t\t\t\t<div class=\"e-con-inner\">\n\t\t\t\t<div class=\"elementor-element elementor-element-b82f061 elementor-widget elementor-widget-text-editor\" data-id=\"b82f061\" data-element_type=\"widget\" data-e-type=\"widget\" data-widget_type=\"text-editor.default\">\n\t\t\t\t\t\t\t\t\t<h2><b>As duas \u00e9pocas de pico da realoca\u00e7\u00e3o global para a Am\u00e9rica Latina<\/b><\/h2><p>Entender as duas principais \u00e9pocas de pico - realoca\u00e7\u00f5es p\u00f3s-f\u00e9rias de janeiro a mar\u00e7o e de junho a agosto (que coincidem com o ver\u00e3o no Hemisf\u00e9rio Norte) - pode ajud\u00e1-lo a planejar sua mudan\u00e7a ou atribui\u00e7\u00e3o corporativa de forma eficaz ao se mudar para a Am\u00e9rica Latina.<\/p>\t\t\t\t\t\t\t\t<\/div>\n\t\t\t\t\t<\/div>\n\t\t\t\t<\/div>\n\t\t<div class=\"elementor-element elementor-element-e48be95 e-flex e-con-boxed e-con e-parent\" data-id=\"e48be95\" data-element_type=\"container\" data-e-type=\"container\">\n\t\t\t\t\t<div class=\"e-con-inner\">\n\t\t<div class=\"elementor-element elementor-element-9405e39 e-con-full e-flex e-con e-child\" data-id=\"9405e39\" data-element_type=\"container\" data-e-type=\"container\">\n\t\t\t\t<div class=\"elementor-element elementor-element-4257749 elementor-widget elementor-widget-image\" data-id=\"4257749\" data-element_type=\"widget\" data-e-type=\"widget\" data-widget_type=\"image.default\">\n\t\t\t\t\t\t\t\t\t\t\t\t\t\t\t<img decoding=\"async\" width=\"645\" height=\"1024\" src=\"https:\/\/larmgroup.com\/wp-content\/uploads\/2024\/12\/behnam-norouzi-GAgEfSQMPa4-unsplash-645x1024.jpg\" class=\"attachment-large size-large wp-image-11691\" alt=\"strategic relocation panning\" srcset=\"https:\/\/larmgroup.com\/wp-content\/uploads\/2024\/12\/behnam-norouzi-GAgEfSQMPa4-unsplash-645x1024.jpg 645w, https:\/\/larmgroup.com\/wp-content\/uploads\/2024\/12\/behnam-norouzi-GAgEfSQMPa4-unsplash-189x300.jpg 189w, https:\/\/larmgroup.com\/wp-content\/uploads\/2024\/12\/behnam-norouzi-GAgEfSQMPa4-unsplash-768x1220.jpg 768w, https:\/\/larmgroup.com\/wp-content\/uploads\/2024\/12\/behnam-norouzi-GAgEfSQMPa4-unsplash-967x1536.jpg 967w, https:\/\/larmgroup.com\/wp-content\/uploads\/2024\/12\/behnam-norouzi-GAgEfSQMPa4-unsplash-1289x2048.jpg 1289w, https:\/\/larmgroup.com\/wp-content\/uploads\/2024\/12\/behnam-norouzi-GAgEfSQMPa4-unsplash-8x12.jpg 8w, https:\/\/larmgroup.com\/wp-content\/uploads\/2024\/12\/behnam-norouzi-GAgEfSQMPa4-unsplash-scaled.jpg 1612w\" sizes=\"(max-width: 645px) 100vw, 645px\" \/>\t\t\t\t\t\t\t\t\t\t\t\t\t\t\t<\/div>\n\t\t\t\t<\/div>\n\t\t<div class=\"elementor-element elementor-element-1f23aad e-con-full e-flex e-con e-child\" data-id=\"1f23aad\" data-element_type=\"container\" data-e-type=\"container\">\n\t\t\t\t<div class=\"elementor-element elementor-element-8cd9237 elementor-widget elementor-widget-text-editor\" data-id=\"8cd9237\" data-element_type=\"widget\" data-e-type=\"widget\" data-widget_type=\"text-editor.default\">\n\t\t\t\t\t\t\t\t\t<h3><b>Janeiro a mar\u00e7o (realoca\u00e7\u00f5es p\u00f3s-f\u00e9rias)<\/b><\/h3><p><span style=\"font-weight: 400;\">O in\u00edcio de um novo ano civil marca um ponto natural para novos come\u00e7os. Muitas empresas usam esse per\u00edodo para iniciar as realoca\u00e7\u00f5es de funcion\u00e1rios para a Am\u00e9rica Latina, alinhando-as aos novos or\u00e7amentos fiscais, \u00e0s atribui\u00e7\u00f5es de cargos e ao lan\u00e7amento de novas iniciativas comerciais. Esse per\u00edodo permite que as organiza\u00e7\u00f5es realoquem o talento para onde ele \u00e9 mais necess\u00e1rio, incluindo novos projetos, locais ou fun\u00e7\u00f5es na regi\u00e3o da LATAM.<\/span><\/p><p><span style=\"font-weight: 400;\">Para os expatriados, o per\u00edodo p\u00f3s-feriado oferece uma janela suave para a transi\u00e7\u00e3o. Com menos distra\u00e7\u00f5es causadas pelos eventos de f\u00e9rias, \u00e9 o momento ideal para indiv\u00edduos e fam\u00edlias iniciarem sua jornada de realoca\u00e7\u00e3o para a Am\u00e9rica Latina. O in\u00edcio do ano tamb\u00e9m permite uma prepara\u00e7\u00e3o adequada antes dos meses mais movimentados, dando aos expatriados tempo suficiente para se estabelecerem em seu novo ambiente.<\/span><\/p><p><span style=\"font-weight: 400;\">Essa \u00e9poca \u00e9 particularmente vantajosa para as empresas, pois d\u00e1 tempo para implementar realoca\u00e7\u00f5es e monitorar como os funcion\u00e1rios se ajustam \u00e0s suas novas fun\u00e7\u00f5es ou locais no primeiro trimestre do ano. Para os expatriados, o recome\u00e7o do ano novo oferece tempo suficiente para se ajustar e se integrar ao novo ambiente antes que surjam compromissos significativos no final do ano.<\/span><\/p>\t\t\t\t\t\t\t\t<\/div>\n\t\t\t\t<\/div>\n\t\t\t\t\t<\/div>\n\t\t\t\t<\/div>\n\t\t<div class=\"elementor-element elementor-element-4b62d17 e-flex e-con-boxed e-con e-parent\" data-id=\"4b62d17\" data-element_type=\"container\" data-e-type=\"container\">\n\t\t\t\t\t<div class=\"e-con-inner\">\n\t\t<div class=\"elementor-element elementor-element-ed1232e e-con-full e-flex e-con e-child\" data-id=\"ed1232e\" data-element_type=\"container\" data-e-type=\"container\">\n\t\t\t\t<div class=\"elementor-element elementor-element-395d25b elementor-widget elementor-widget-text-editor\" data-id=\"395d25b\" data-element_type=\"widget\" data-e-type=\"widget\" data-widget_type=\"text-editor.default\">\n\t\t\t\t\t\t\t\t\t<h3><b>Junho a agosto\u00a0<br \/><br \/><\/b><\/h3><p><span style=\"font-weight: 400;\">Para as empresas, esses meses oferecem uma excelente oportunidade de realoca\u00e7\u00e3o para a Am\u00e9rica Latina, pois geralmente coincidem com um per\u00edodo de neg\u00f3cios mais lento em muitos setores. Al\u00e9m disso, esses meses costumam fazer parte da temporada de ver\u00e3o no hemisf\u00e9rio norte, o que se alinha perfeitamente com os hor\u00e1rios das fam\u00edlias, principalmente para aquelas com filhos. Como as escolas est\u00e3o fechadas na maioria dos pa\u00edses europeus, norte-americanos e asi\u00e1ticos, as fam\u00edlias podem se mudar sem interromper a educa\u00e7\u00e3o de seus filhos. Isso faz de junho a agosto uma \u00e9poca privilegiada para expatriados que se mudam com suas fam\u00edlias.<\/span><\/p><p><span style=\"font-weight: 400;\">Para as fam\u00edlias que se mudam do hemisf\u00e9rio sul, no entanto, junho-agosto \u00e9 uma \u00e9poca menos comum para realoca\u00e7\u00e3o, especialmente para aquelas com filhos, pois cai no meio do ano acad\u00eamico. No entanto, historicamente, esses meses permanecem mais lentos na maioria dos setores - com algumas exce\u00e7\u00f5es, como o turismo -, o que os torna uma \u00e9poca vi\u00e1vel para realoca\u00e7\u00f5es.<\/span><\/p><p><span style=\"font-weight: 400;\">Para as empresas, esse per\u00edodo pode permitir menos interrup\u00e7\u00f5es nas opera\u00e7\u00f5es cotidianas, especialmente ao realocar funcion\u00e1rios que n\u00e3o fazem parte de prazos cruciais de projetos ou per\u00edodos sazonais cr\u00edticos. No entanto, isso tamb\u00e9m significa que a demanda por servi\u00e7os de realoca\u00e7\u00e3o tende a aumentar, por isso \u00e9 importante reservar os servi\u00e7os com anteced\u00eancia e confirmar a disponibilidade.<\/span><\/p><p><span style=\"font-weight: 400;\">Do ponto de vista pessoal, as realoca\u00e7\u00f5es de junho a agosto permitem um ajuste mais f\u00e1cil ao novo ambiente, especialmente com mais tempo para se instalar, explorar e criar conex\u00f5es sociais. Para as empresas, a realoca\u00e7\u00e3o de funcion\u00e1rios durante esses meses pode promover um equil\u00edbrio mais positivo entre vida pessoal e profissional para o funcion\u00e1rio, dando-lhe tempo para se adaptar e aproveitar o novo local sem o estresse imediato do trabalho.<\/span><\/p>\t\t\t\t\t\t\t\t<\/div>\n\t\t\t\t<\/div>\n\t\t<div class=\"elementor-element elementor-element-0358294 e-con-full e-flex e-con e-child\" data-id=\"0358294\" data-element_type=\"container\" data-e-type=\"container\">\n\t\t\t\t<div class=\"elementor-element elementor-element-c6972d7 elementor-widget elementor-widget-image\" data-id=\"c6972d7\" data-element_type=\"widget\" data-e-type=\"widget\" data-widget_type=\"image.default\">\n\t\t\t\t\t\t\t\t\t\t\t\t\t\t\t<img decoding=\"async\" width=\"707\" height=\"1024\" src=\"https:\/\/larmgroup.com\/wp-content\/uploads\/2024\/12\/behnam-norouzi-2_l3lUpn4vE-unsplash-707x1024.jpg\" class=\"attachment-large size-large wp-image-11692\" alt=\"planning\" srcset=\"https:\/\/larmgroup.com\/wp-content\/uploads\/2024\/12\/behnam-norouzi-2_l3lUpn4vE-unsplash-707x1024.jpg 707w, https:\/\/larmgroup.com\/wp-content\/uploads\/2024\/12\/behnam-norouzi-2_l3lUpn4vE-unsplash-207x300.jpg 207w, https:\/\/larmgroup.com\/wp-content\/uploads\/2024\/12\/behnam-norouzi-2_l3lUpn4vE-unsplash-768x1112.jpg 768w, https:\/\/larmgroup.com\/wp-content\/uploads\/2024\/12\/behnam-norouzi-2_l3lUpn4vE-unsplash-1061x1536.jpg 1061w, https:\/\/larmgroup.com\/wp-content\/uploads\/2024\/12\/behnam-norouzi-2_l3lUpn4vE-unsplash-1414x2048.jpg 1414w, https:\/\/larmgroup.com\/wp-content\/uploads\/2024\/12\/behnam-norouzi-2_l3lUpn4vE-unsplash-8x12.jpg 8w, https:\/\/larmgroup.com\/wp-content\/uploads\/2024\/12\/behnam-norouzi-2_l3lUpn4vE-unsplash-scaled.jpg 1768w\" sizes=\"(max-width: 707px) 100vw, 707px\" \/>\t\t\t\t\t\t\t\t\t\t\t\t\t\t\t<\/div>\n\t\t\t\t<\/div>\n\t\t\t\t\t<\/div>\n\t\t\t\t<\/div>\n\t\t<div class=\"elementor-element elementor-element-6064ead e-flex e-con-boxed e-con e-parent\" data-id=\"6064ead\" data-element_type=\"container\" data-e-type=\"container\">\n\t\t\t\t\t<div class=\"e-con-inner\">\n\t\t\t\t<div class=\"elementor-element elementor-element-0cd2452 elementor-widget elementor-widget-text-editor\" data-id=\"0cd2452\" data-element_type=\"widget\" data-e-type=\"widget\" data-widget_type=\"text-editor.default\">\n\t\t\t\t\t\t\t\t\t<h2><b>Principais dicas para realoca\u00e7\u00e3o<br \/><br \/><\/b><\/h2><h3><b>Para empresas:<\/b><\/h3><ol><li style=\"font-weight: 400;\" aria-level=\"1\"><b>Comece a planejar com anteced\u00eancia:<\/b> <span style=\"font-weight: 400;\"><br \/><\/span><span style=\"font-weight: 400;\">Inicie o processo de realoca\u00e7\u00e3o com anteced\u00eancia para garantir que tanto o seu or\u00e7amento quanto a sua equipe estejam prontos para a transi\u00e7\u00e3o. Seja para um novo projeto, fun\u00e7\u00e3o ou expans\u00e3o dos neg\u00f3cios na LATAM, o planejamento antecipado ajuda a evitar estresse de \u00faltima hora.<\/span><\/li><li style=\"font-weight: 400;\" aria-level=\"1\"><b>Comunique-se claramente com os funcion\u00e1rios:<\/b> <span style=\"font-weight: 400;\"><br \/><\/span><span style=\"font-weight: 400;\">Certifique-se de que seus funcion\u00e1rios estejam cientes da mudan\u00e7a com bastante anteced\u00eancia. Isso inclui fornecer a eles informa\u00e7\u00f5es detalhadas sobre pacotes de realoca\u00e7\u00e3o, log\u00edstica e servi\u00e7os de suporte. A comunica\u00e7\u00e3o antecipada os ajuda a se preparar mental e praticamente para a mudan\u00e7a.<\/span><\/li><li style=\"font-weight: 400;\" aria-level=\"1\"><b>Personalize os pacotes de realoca\u00e7\u00e3o:<\/b> <span style=\"font-weight: 400;\"><br \/><\/span><span style=\"font-weight: 400;\">Uma abordagem de tamanho \u00fanico n\u00e3o funciona na mobilidade global. Adapte os pacotes de realoca\u00e7\u00e3o para atender \u00e0s necessidades espec\u00edficas do funcion\u00e1rio, seja ele um executivo s\u00eanior ou uma fam\u00edlia que est\u00e1 se mudando para a Am\u00e9rica Latina. Inclua elementos como moradia tempor\u00e1ria, assist\u00eancia para obten\u00e7\u00e3o de visto, treinamento no idioma e orienta\u00e7\u00e3o cultural.<\/span><\/li><li style=\"font-weight: 400;\" aria-level=\"1\"><b>Aproveitar a tecnologia:<\/b> <span style=\"font-weight: 400;\"><br \/><\/span><span style=\"font-weight: 400;\">Use plataformas tecnol\u00f3gicas para gerenciar a log\u00edstica de realoca\u00e7\u00e3o. Isso pode simplificar as tarefas administrativas, ajudar a controlar as despesas e garantir que o processo de realoca\u00e7\u00e3o seja organizado e transparente.<\/span><\/li><li style=\"font-weight: 400;\" aria-level=\"1\"><b>Planeje para conting\u00eancias:<\/b> <span style=\"font-weight: 400;\"><br \/><\/span><span style=\"font-weight: 400;\">As realoca\u00e7\u00f5es geralmente v\u00eam com desafios inesperados - atrasos no visto, falta de moradia ou mudan\u00e7as repentinas nos cronogramas do projeto. \u00c9 importante prever os poss\u00edveis problemas e ter planos de conting\u00eancia em vigor.<\/span><\/li><\/ol><h3><b>Para expatriados:<\/b><\/h3><ol><li style=\"font-weight: 400;\" aria-level=\"1\"><b>Pesquise minuciosamente seu destino:<\/b> <span style=\"font-weight: 400;\"><br \/><\/span><span style=\"font-weight: 400;\">Reserve um tempo para conhecer seu novo local na Am\u00e9rica Latina. Entenda a cultura local, o estilo de vida, o custo de vida e os requisitos legais para facilitar sua transi\u00e7\u00e3o.<\/span><\/li><li style=\"font-weight: 400;\" aria-level=\"1\"><b>Obtenha moradia com anteced\u00eancia:<\/b> <span style=\"font-weight: 400;\"><br \/><\/span><span style=\"font-weight: 400;\">A demanda por acomoda\u00e7\u00f5es pode ser alta, especialmente durante as \u00e9pocas de pico de realoca\u00e7\u00e3o. Garanta sua moradia com anteced\u00eancia para garantir que voc\u00ea encontre um lugar confort\u00e1vel e adequado para viver.<\/span><\/li><li style=\"font-weight: 400;\" aria-level=\"1\"><b>Coloque suas finan\u00e7as em ordem:<\/b> <span style=\"font-weight: 400;\"><br \/><\/span><span style=\"font-weight: 400;\">Organize sua situa\u00e7\u00e3o financeira abrindo uma conta banc\u00e1ria local e resolvendo quaisquer implica\u00e7\u00f5es fiscais antes de se mudar. Isso garantir\u00e1 que voc\u00ea tenha estabilidade financeira quando chegar.<\/span><\/li><li style=\"font-weight: 400;\" aria-level=\"1\"><b>Planeje a assist\u00eancia m\u00e9dica e o seguro:<\/b> <span style=\"font-weight: 400;\"><br \/><\/span><span style=\"font-weight: 400;\">A cobertura de sa\u00fade \u00e9 essencial, principalmente se voc\u00ea estiver se mudando para um pa\u00eds com sistemas de sa\u00fade diferentes. Certifique-se de que seu seguro de sa\u00fade cubra suas necessidades em seu novo local.<\/span><\/li><li style=\"font-weight: 400;\" aria-level=\"1\"><b>Envolva sua fam\u00edlia no planejamento:<\/b> <span style=\"font-weight: 400;\"><br \/><\/span><span style=\"font-weight: 400;\">Se estiver se mudando com uma fam\u00edlia, certifique-se de que ela esteja envolvida no processo de planejamento. Isso inclui encontrar escolas, op\u00e7\u00f5es de cuidados infantis e entender os sistemas de apoio locais.<\/span><\/li><li style=\"font-weight: 400;\" aria-level=\"1\"><b>Aprenda o idioma:<\/b> <span style=\"font-weight: 400;\"><br \/><\/span><span style=\"font-weight: 400;\">At\u00e9 mesmo o conhecimento b\u00e1sico do idioma pode fazer uma grande diferen\u00e7a na adapta\u00e7\u00e3o a um novo pa\u00eds. Reserve um tempo para aprender algumas frases-chave, que ajudar\u00e3o nas tarefas e intera\u00e7\u00f5es cotidianas.<\/span><\/li><\/ol>\t\t\t\t\t\t\t\t<\/div>\n\t\t\t\t\t<\/div>\n\t\t\t\t<\/div>\n\t\t<div class=\"elementor-element elementor-element-158eecd e-flex e-con-boxed e-con e-parent\" data-id=\"158eecd\" data-element_type=\"container\" data-e-type=\"container\">\n\t\t\t\t\t<div class=\"e-con-inner\">\n\t\t<div class=\"elementor-element elementor-element-cd9f092 e-con-full e-flex e-con e-child\" data-id=\"cd9f092\" data-element_type=\"container\" data-e-type=\"container\">\n\t\t\t\t<div class=\"elementor-element elementor-element-458e3ff elementor-widget elementor-widget-image\" data-id=\"458e3ff\" data-element_type=\"widget\" data-e-type=\"widget\" data-widget_type=\"image.default\">\n\t\t\t\t\t\t\t\t\t\t\t\t\t\t\t<img loading=\"lazy\" decoding=\"async\" width=\"881\" height=\"1024\" src=\"https:\/\/larmgroup.com\/wp-content\/uploads\/2024\/12\/clay-banks-b5S4FrJb7yQ-unsplash-scaled-e1734562732440-881x1024.jpg\" class=\"attachment-large size-large wp-image-11696\" alt=\"relocation planning\" srcset=\"https:\/\/larmgroup.com\/wp-content\/uploads\/2024\/12\/clay-banks-b5S4FrJb7yQ-unsplash-scaled-e1734562732440-881x1024.jpg 881w, https:\/\/larmgroup.com\/wp-content\/uploads\/2024\/12\/clay-banks-b5S4FrJb7yQ-unsplash-scaled-e1734562732440-258x300.jpg 258w, https:\/\/larmgroup.com\/wp-content\/uploads\/2024\/12\/clay-banks-b5S4FrJb7yQ-unsplash-scaled-e1734562732440-768x893.jpg 768w, https:\/\/larmgroup.com\/wp-content\/uploads\/2024\/12\/clay-banks-b5S4FrJb7yQ-unsplash-scaled-e1734562732440-1322x1536.jpg 1322w, https:\/\/larmgroup.com\/wp-content\/uploads\/2024\/12\/clay-banks-b5S4FrJb7yQ-unsplash-scaled-e1734562732440-10x12.jpg 10w, https:\/\/larmgroup.com\/wp-content\/uploads\/2024\/12\/clay-banks-b5S4FrJb7yQ-unsplash-scaled-e1734562732440.jpg 1707w\" sizes=\"(max-width: 881px) 100vw, 881px\" \/>\t\t\t\t\t\t\t\t\t\t\t\t\t\t\t<\/div>\n\t\t\t\t<\/div>\n\t\t<div class=\"elementor-element elementor-element-cd87f62 e-con-full e-flex e-con e-child\" data-id=\"cd87f62\" data-element_type=\"container\" data-e-type=\"container\">\n\t\t\t\t<div class=\"elementor-element elementor-element-574f75f elementor-widget elementor-widget-text-editor\" data-id=\"574f75f\" data-element_type=\"widget\" data-e-type=\"widget\" data-widget_type=\"text-editor.default\">\n\t\t\t\t\t\t\t\t\t<h2><b>Planeje com anteced\u00eancia as realoca\u00e7\u00f5es da LATAM em 2025<\/b><\/h2><p><span style=\"font-weight: 400;\">Com a r\u00e1pida aproxima\u00e7\u00e3o de 2025, agora \u00e9 hora de come\u00e7ar a pensar em seus planos de realoca\u00e7\u00e3o para o pr\u00f3ximo ano. Se voc\u00ea \u00e9 uma empresa que precisa transferir funcion\u00e1rios para a Am\u00e9rica Latina ou um indiv\u00edduo que est\u00e1 se preparando para uma mudan\u00e7a de vida, planejar com anteced\u00eancia durante as \u00e9pocas de pico de realoca\u00e7\u00e3o - de janeiro a mar\u00e7o ou de junho a agosto - garantir\u00e1 uma transi\u00e7\u00e3o mais tranquila. Quanto mais cedo voc\u00ea planejar, mais bem equipado estar\u00e1 para lidar com as complexidades das realoca\u00e7\u00f5es internacionais.<\/span><\/p><p><span style=\"font-weight: 400;\">Em<\/span><b><a href=\"https:\/\/larmgroup.com\/pt\/about-us\/\"> LARM<\/a><\/b><span style=\"font-weight: 400;\"><a href=\"https:\/\/larmgroup.com\/pt\/about-us\/\">,<\/a> estamos aqui para ajud\u00e1-lo em todas as etapas de sua jornada de realoca\u00e7\u00e3o para a Am\u00e9rica Latina. Com cobertura em mais de<\/span><a href=\"https:\/\/larmgroup.com\/pt\/coverage\/\"><b> 28 pa\u00edses<\/b><\/a><span style=\"font-weight: 400;\"> e 16 escrit\u00f3rios na Am\u00e9rica Latina, nossa equipe de especialistas est\u00e1 pronta para fornecer a orienta\u00e7\u00e3o e o suporte de que voc\u00ea precisa.\u00a0<\/span><\/p><p><span style=\"font-weight: 400;\">Entre em contato hoje mesmo para come\u00e7ar a planejar sua pr\u00f3xima realoca\u00e7\u00e3o bem-sucedida em 2025.<\/span><\/p>\t\t\t\t\t\t\t\t<\/div>\n\t\t\t\t<\/div>\n\t\t\t\t\t<\/div>\n\t\t\t\t<\/div>\n\t\t\t\t<\/div>","protected":false},"excerpt":{"rendered":"<p>Relocation is one of the most complex and multifaceted processes faced by companies and expatriates. Whether it\u2019s for business expansion, a job promotion, or a new life in a foreign country, the logistics involved in relocating require careful consideration. From legal requirements, cultural adjustments, housing arrangements to understanding healthcare systems, the process can be overwhelming.\u00a0 [&hellip;]<\/p>\n","protected":false},"author":8,"featured_media":11685,"comment_status":"open","ping_status":"closed","sticky":false,"template":"","format":"standard","meta":{"site-sidebar-layout":"default","site-content-layout":"","ast-site-content-layout":"default","site-content-style":"default","site-sidebar-style":"default","ast-global-header-display":"","ast-banner-title-visibility":"","ast-main-header-display":"","ast-hfb-above-header-display":"","ast-hfb-below-header-display":"","ast-hfb-mobile-header-display":"","site-post-title":"","ast-breadcrumbs-content":"","ast-featured-img":"","footer-sml-layout":"","ast-disable-related-posts":"","theme-transparent-header-meta":"","adv-header-id-meta":"","stick-header-meta":"","header-above-stick-meta":"","header-main-stick-meta":"","header-below-stick-meta":"","astra-migrate-meta-layouts":"set","ast-page-background-enabled":"default","ast-page-background-meta":{"desktop":{"background-color":"var(--ast-global-color-4)","background-image":"","background-repeat":"repeat","background-position":"center center","background-size":"auto","background-attachment":"scroll","background-type":"","background-media":"","overlay-type":"","overlay-color":"","overlay-opacity":"","overlay-gradient":""},"tablet":{"background-color":"","background-image":"","background-repeat":"repeat","background-position":"center center","background-size":"auto","background-attachment":"scroll","background-type":"","background-media":"","overlay-type":"","overlay-color":"","overlay-opacity":"","overlay-gradient":""},"mobile":{"background-color":"","background-image":"","background-repeat":"repeat","background-position":"center center","background-size":"auto","background-attachment":"scroll","background-type":"","background-media":"","overlay-type":"","overlay-color":"","overlay-opacity":"","overlay-gradient":""}},"ast-content-background-meta":{"desktop":{"background-color":"var(--ast-global-color-5)","background-image":"","background-repeat":"repeat","background-position":"center center","background-size":"auto","background-attachment":"scroll","background-type":"","background-media":"","overlay-type":"","overlay-color":"","overlay-opacity":"","overlay-gradient":""},"tablet":{"background-color":"var(--ast-global-color-5)","background-image":"","background-repeat":"repeat","background-position":"center center","background-size":"auto","background-attachment":"scroll","background-type":"","background-media":"","overlay-type":"","overlay-color":"","overlay-opacity":"","overlay-gradient":""},"mobile":{"background-color":"var(--ast-global-color-5)","background-image":"","background-repeat":"repeat","background-position":"center center","background-size":"auto","background-attachment":"scroll","background-type":"","background-media":"","overlay-type":"","overlay-color":"","overlay-opacity":"","overlay-gradient":""}},"footnotes":""},"categories":[29],"tags":[],"class_list":["post-11684","post","type-post","status-publish","format-standard","has-post-thumbnail","hentry","category-relocation-mobility"],"_links":{"self":[{"href":"https:\/\/larmgroup.com\/pt\/wp-json\/wp\/v2\/posts\/11684","targetHints":{"allow":["GET"]}}],"collection":[{"href":"https:\/\/larmgroup.com\/pt\/wp-json\/wp\/v2\/posts"}],"about":[{"href":"https:\/\/larmgroup.com\/pt\/wp-json\/wp\/v2\/types\/post"}],"author":[{"embeddable":true,"href":"https:\/\/larmgroup.com\/pt\/wp-json\/wp\/v2\/users\/8"}],"replies":[{"embeddable":true,"href":"https:\/\/larmgroup.com\/pt\/wp-json\/wp\/v2\/comments?post=11684"}],"version-history":[{"count":0,"href":"https:\/\/larmgroup.com\/pt\/wp-json\/wp\/v2\/posts\/11684\/revisions"}],"wp:featuredmedia":[{"embeddable":true,"href":"https:\/\/larmgroup.com\/pt\/wp-json\/wp\/v2\/media\/11685"}],"wp:attachment":[{"href":"https:\/\/larmgroup.com\/pt\/wp-json\/wp\/v2\/media?parent=11684"}],"wp:term":[{"taxonomy":"category","embeddable":true,"href":"https:\/\/larmgroup.com\/pt\/wp-json\/wp\/v2\/categories?post=11684"},{"taxonomy":"post_tag","embeddable":true,"href":"https:\/\/larmgroup.com\/pt\/wp-json\/wp\/v2\/tags?post=11684"}],"curies":[{"name":"wp","href":"https:\/\/api.w.org\/{rel}","templated":true}]}}