{"id":11684,"date":"2024-12-18T22:51:45","date_gmt":"2024-12-18T22:51:45","guid":{"rendered":"https:\/\/larmgroup.com\/?p=11684"},"modified":"2025-03-16T03:02:06","modified_gmt":"2025-03-16T03:02:06","slug":"strategic-relocation-planning-peak-seasons-in-latam","status":"publish","type":"post","link":"https:\/\/larmgroup.com\/es\/strategic-relocation-planning-peak-seasons-in-latam\/","title":{"rendered":"PLANIFICACI\u00d3N ESTRAT\u00c9GICA DE LA REUBICACI\u00d3N: POR QU\u00c9 ES IMPORTANTE NAVEGAR POR LAS TEMPORADAS ALTAS DE LAS MUDANZAS INTERNACIONALES A LATAM"},"content":{"rendered":"<div data-elementor-type=\"wp-post\" data-elementor-id=\"11684\" class=\"elementor elementor-11684\" data-elementor-post-type=\"post\">\n\t\t\t\t<div class=\"elementor-element elementor-element-c61b9a5 e-flex e-con-boxed e-con e-parent\" data-id=\"c61b9a5\" data-element_type=\"container\" data-e-type=\"container\">\n\t\t\t\t\t<div class=\"e-con-inner\">\n\t\t\t\t<div class=\"elementor-element elementor-element-c41b24a elementor-widget elementor-widget-text-editor\" data-id=\"c41b24a\" data-element_type=\"widget\" data-e-type=\"widget\" data-widget_type=\"text-editor.default\">\n\t\t\t\t\t\t\t\t\t<p><span style=\"font-weight: 400;\">El traslado es uno de los procesos m\u00e1s complejos y polifac\u00e9ticos a los que se enfrentan las empresas y los expatriados. Ya sea por la expansi\u00f3n del negocio, un ascenso laboral o una nueva vida en un pa\u00eds extranjero, la log\u00edstica que conlleva el traslado requiere una cuidadosa consideraci\u00f3n. El proceso puede resultar abrumador, desde los requisitos legales hasta los ajustes culturales, pasando por la organizaci\u00f3n del alojamiento o la comprensi\u00f3n de los sistemas sanitarios.\u00a0<\/span><\/p><p><span style=\"font-weight: 400;\">Planificar el traslado con antelaci\u00f3n es crucial: garantiza una transici\u00f3n fluida, reduce el estr\u00e9s y le prepara para el \u00e9xito a largo plazo. El traslado, sobre todo internacional, implica numerosos pasos, por lo que la planificaci\u00f3n estrat\u00e9gica es clave para garantizar una experiencia sin contratiempos.<\/span><\/p>\t\t\t\t\t\t\t\t<\/div>\n\t\t\t\t\t<\/div>\n\t\t\t\t<\/div>\n\t\t<div class=\"elementor-element elementor-element-b3eb7f6 e-flex e-con-boxed e-con e-parent\" data-id=\"b3eb7f6\" data-element_type=\"container\" data-e-type=\"container\">\n\t\t\t\t\t<div class=\"e-con-inner\">\n\t\t<div class=\"elementor-element elementor-element-ce71157 e-con-full e-flex e-con e-child\" data-id=\"ce71157\" data-element_type=\"container\" data-e-type=\"container\">\n\t\t\t\t<div class=\"elementor-element elementor-element-df86019 elementor-widget elementor-widget-text-editor\" data-id=\"df86019\" data-element_type=\"widget\" data-e-type=\"widget\" data-widget_type=\"text-editor.default\">\n\t\t\t\t\t\t\t\t\t<h2><b>Por qu\u00e9 es esencial planificar el traslado<\/b><\/h2>\n<p><span style=\"font-weight: 400;\">La reubicaci\u00f3n, en particular la reubicaci\u00f3n internacional a Am\u00e9rica Latina (LATAM), puede ser una tarea desalentadora que implica mucho m\u00e1s que empacar y trasladar las pertenencias. Requiere navegar por m\u00faltiples facetas: conseguir visados de trabajo, encontrar un alojamiento adecuado, gestionar las implicaciones fiscales, gestionar la escolarizaci\u00f3n de los hijos y adaptarse a las nuevas normas culturales. Con una planificaci\u00f3n adecuada, puede convertirse r\u00e1pidamente en algo manejable, con el riesgo de incumplir plazos cr\u00edticos u obligaciones legales o financieras.<\/span><\/p>\n<p><span style=\"font-weight: 400;\">Para las empresas, los traslados mal ejecutados pueden perturbar la productividad, afectar negativamente a la moral de los empleados y causar contratiempos financieros. Para los expatriados, la falta de planificaci\u00f3n puede provocar retrasos, problemas de visado o confusi\u00f3n sobre la log\u00edstica de su nueva vida en el extranjero. Por ello, la planificaci\u00f3n estrat\u00e9gica de la reubicaci\u00f3n es absolutamente necesaria para cubrir todos los aspectos del traslado.<\/span><\/p>\n<p><span style=\"font-weight: 400;\">Comprender claramente el proceso y conocer las temporadas altas para la movilidad global permite tanto a las empresas como a los expatriados organizar mejor sus plazos, presupuestos y expectativas. La reubicaci\u00f3n en LATAM no es diferente en este sentido: al conocer las temporadas altas, puede planificar y garantizar un traslado m\u00e1s fluido para los empleados y sus familias.<\/span><\/p>\t\t\t\t\t\t\t\t<\/div>\n\t\t\t\t<\/div>\n\t\t<div class=\"elementor-element elementor-element-74d6381 e-con-full e-flex e-con e-child\" data-id=\"74d6381\" data-element_type=\"container\" data-e-type=\"container\">\n\t\t\t\t<div class=\"elementor-element elementor-element-11903e1 elementor-widget elementor-widget-image\" data-id=\"11903e1\" data-element_type=\"widget\" data-e-type=\"widget\" data-widget_type=\"image.default\">\n\t\t\t\t\t\t\t\t\t\t\t\t\t\t\t<img fetchpriority=\"high\" decoding=\"async\" width=\"1706\" height=\"2560\" src=\"https:\/\/larmgroup.com\/wp-content\/uploads\/2024\/12\/priscilla-du-preez-nNMBa7Y1Ymk-unsplash-scaled.jpg\" class=\"attachment-full size-full wp-image-11687\" alt=\"global mobility\" srcset=\"https:\/\/larmgroup.com\/wp-content\/uploads\/2024\/12\/priscilla-du-preez-nNMBa7Y1Ymk-unsplash-scaled.jpg 1706w, https:\/\/larmgroup.com\/wp-content\/uploads\/2024\/12\/priscilla-du-preez-nNMBa7Y1Ymk-unsplash-200x300.jpg 200w, https:\/\/larmgroup.com\/wp-content\/uploads\/2024\/12\/priscilla-du-preez-nNMBa7Y1Ymk-unsplash-683x1024.jpg 683w, https:\/\/larmgroup.com\/wp-content\/uploads\/2024\/12\/priscilla-du-preez-nNMBa7Y1Ymk-unsplash-768x1152.jpg 768w, https:\/\/larmgroup.com\/wp-content\/uploads\/2024\/12\/priscilla-du-preez-nNMBa7Y1Ymk-unsplash-1024x1536.jpg 1024w, https:\/\/larmgroup.com\/wp-content\/uploads\/2024\/12\/priscilla-du-preez-nNMBa7Y1Ymk-unsplash-1365x2048.jpg 1365w, https:\/\/larmgroup.com\/wp-content\/uploads\/2024\/12\/priscilla-du-preez-nNMBa7Y1Ymk-unsplash-8x12.jpg 8w\" sizes=\"(max-width: 1706px) 100vw, 1706px\" \/>\t\t\t\t\t\t\t\t\t\t\t\t\t\t\t<\/div>\n\t\t\t\t<\/div>\n\t\t\t\t\t<\/div>\n\t\t\t\t<\/div>\n\t\t<div class=\"elementor-element elementor-element-b42b8d9 e-flex e-con-boxed e-con e-parent\" data-id=\"b42b8d9\" data-element_type=\"container\" data-e-type=\"container\">\n\t\t\t\t\t<div class=\"e-con-inner\">\n\t\t\t\t<div class=\"elementor-element elementor-element-b82f061 elementor-widget elementor-widget-text-editor\" data-id=\"b82f061\" data-element_type=\"widget\" data-e-type=\"widget\" data-widget_type=\"text-editor.default\">\n\t\t\t\t\t\t\t\t\t<h2><b>Las dos temporadas altas de las deslocalizaciones a Am\u00e9rica Latina<\/b><\/h2><p>Comprender las dos temporadas altas principales -las reubicaciones posteriores a las vacaciones, de enero a marzo, y de junio a agosto (que coinciden con el verano en el hemisferio norte)- puede ayudarle a planificar eficazmente su mudanza o traslado corporativo a Latinoam\u00e9rica.<\/p>\t\t\t\t\t\t\t\t<\/div>\n\t\t\t\t\t<\/div>\n\t\t\t\t<\/div>\n\t\t<div class=\"elementor-element elementor-element-e48be95 e-flex e-con-boxed e-con e-parent\" data-id=\"e48be95\" data-element_type=\"container\" data-e-type=\"container\">\n\t\t\t\t\t<div class=\"e-con-inner\">\n\t\t<div class=\"elementor-element elementor-element-9405e39 e-con-full e-flex e-con e-child\" data-id=\"9405e39\" data-element_type=\"container\" data-e-type=\"container\">\n\t\t\t\t<div class=\"elementor-element elementor-element-4257749 elementor-widget elementor-widget-image\" data-id=\"4257749\" data-element_type=\"widget\" data-e-type=\"widget\" data-widget_type=\"image.default\">\n\t\t\t\t\t\t\t\t\t\t\t\t\t\t\t<img decoding=\"async\" width=\"645\" height=\"1024\" src=\"https:\/\/larmgroup.com\/wp-content\/uploads\/2024\/12\/behnam-norouzi-GAgEfSQMPa4-unsplash-645x1024.jpg\" class=\"attachment-large size-large wp-image-11691\" alt=\"strategic relocation panning\" srcset=\"https:\/\/larmgroup.com\/wp-content\/uploads\/2024\/12\/behnam-norouzi-GAgEfSQMPa4-unsplash-645x1024.jpg 645w, https:\/\/larmgroup.com\/wp-content\/uploads\/2024\/12\/behnam-norouzi-GAgEfSQMPa4-unsplash-189x300.jpg 189w, https:\/\/larmgroup.com\/wp-content\/uploads\/2024\/12\/behnam-norouzi-GAgEfSQMPa4-unsplash-768x1220.jpg 768w, https:\/\/larmgroup.com\/wp-content\/uploads\/2024\/12\/behnam-norouzi-GAgEfSQMPa4-unsplash-967x1536.jpg 967w, https:\/\/larmgroup.com\/wp-content\/uploads\/2024\/12\/behnam-norouzi-GAgEfSQMPa4-unsplash-1289x2048.jpg 1289w, https:\/\/larmgroup.com\/wp-content\/uploads\/2024\/12\/behnam-norouzi-GAgEfSQMPa4-unsplash-8x12.jpg 8w, https:\/\/larmgroup.com\/wp-content\/uploads\/2024\/12\/behnam-norouzi-GAgEfSQMPa4-unsplash-scaled.jpg 1612w\" sizes=\"(max-width: 645px) 100vw, 645px\" \/>\t\t\t\t\t\t\t\t\t\t\t\t\t\t\t<\/div>\n\t\t\t\t<\/div>\n\t\t<div class=\"elementor-element elementor-element-1f23aad e-con-full e-flex e-con e-child\" data-id=\"1f23aad\" data-element_type=\"container\" data-e-type=\"container\">\n\t\t\t\t<div class=\"elementor-element elementor-element-8cd9237 elementor-widget elementor-widget-text-editor\" data-id=\"8cd9237\" data-element_type=\"widget\" data-e-type=\"widget\" data-widget_type=\"text-editor.default\">\n\t\t\t\t\t\t\t\t\t<h3><b>De enero a marzo (Tras las vacaciones)<\/b><\/h3><p><span style=\"font-weight: 400;\">El inicio del nuevo a\u00f1o natural marca un punto natural para los nuevos comienzos. Muchas empresas aprovechan este per\u00edodo para iniciar la reubicaci\u00f3n de empleados en LATAM, aline\u00e1ndolos con los nuevos presupuestos fiscales, las asignaciones de puestos de trabajo y el lanzamiento de nuevas iniciativas empresariales. Este marco temporal permite a las organizaciones reasignar el talento all\u00ed donde m\u00e1s se necesita, incluidos nuevos proyectos, ubicaciones o funciones dentro de la regi\u00f3n de LATAM.<\/span><\/p><p><span style=\"font-weight: 400;\">Para los expatriados, el periodo post-vacacional ofrece una ventana suave para la transici\u00f3n. Con menos distracciones por los acontecimientos navide\u00f1os, es el momento ideal para que particulares y familias inicien su viaje de reubicaci\u00f3n en LATAM. El comienzo del a\u00f1o tambi\u00e9n permite una preparaci\u00f3n adecuada antes de los meses m\u00e1s ajetreados, dando a los expatriados tiempo suficiente para asentarse en su nuevo entorno.<\/span><\/p><p><span style=\"font-weight: 400;\">Esta temporada es especialmente ventajosa para las empresas, ya que les da tiempo para poner en pr\u00e1ctica las reubicaciones y supervisar c\u00f3mo se adaptan los empleados a sus nuevas funciones o ubicaciones en el primer trimestre del a\u00f1o. Para los expatriados, el nuevo comienzo de a\u00f1o ofrece tiempo suficiente para adaptarse e integrarse en su nuevo entorno antes de que surjan compromisos importantes m\u00e1s adelante.<\/span><\/p>\t\t\t\t\t\t\t\t<\/div>\n\t\t\t\t<\/div>\n\t\t\t\t\t<\/div>\n\t\t\t\t<\/div>\n\t\t<div class=\"elementor-element elementor-element-4b62d17 e-flex e-con-boxed e-con e-parent\" data-id=\"4b62d17\" data-element_type=\"container\" data-e-type=\"container\">\n\t\t\t\t\t<div class=\"e-con-inner\">\n\t\t<div class=\"elementor-element elementor-element-ed1232e e-con-full e-flex e-con e-child\" data-id=\"ed1232e\" data-element_type=\"container\" data-e-type=\"container\">\n\t\t\t\t<div class=\"elementor-element elementor-element-395d25b elementor-widget elementor-widget-text-editor\" data-id=\"395d25b\" data-element_type=\"widget\" data-e-type=\"widget\" data-widget_type=\"text-editor.default\">\n\t\t\t\t\t\t\t\t\t<h3><b>De junio a agosto\u00a0<br \/><br \/><\/b><\/h3><p><span style=\"font-weight: 400;\">Para las empresas, estos meses suponen una excelente oportunidad para trasladarse a Am\u00e9rica Latina, ya que suelen coincidir con un periodo de menor actividad comercial en muchos sectores. Adem\u00e1s, estos meses suelen formar parte de la temporada de verano en el hemisferio norte, lo que encaja perfectamente con los horarios familiares, sobre todo en el caso de las familias con hijos. Como en la mayor\u00eda de los pa\u00edses europeos, norteamericanos y asi\u00e1ticos no hay colegio, las familias pueden trasladarse sin interrumpir la educaci\u00f3n de sus hijos. Por ello, junio-agosto es una \u00e9poca privilegiada para los expatriados que se trasladan con sus familias.<\/span><\/p><p><span style=\"font-weight: 400;\">Para las familias que se trasladan desde el hemisferio sur, sin embargo, junio-agosto es una temporada menos com\u00fan para la reubicaci\u00f3n, especialmente para aquellos con ni\u00f1os, ya que cae en medio de su a\u00f1o acad\u00e9mico. No obstante, hist\u00f3ricamente, estos meses siguen siendo de menor actividad en la mayor\u00eda de los sectores -con algunas excepciones, como el turismo-, por lo que es una \u00e9poca factible para los traslados.<\/span><\/p><p><span style=\"font-weight: 400;\">Para las empresas, este periodo puede suponer una menor interrupci\u00f3n de las operaciones cotidianas, sobre todo cuando se traslada a empleados que no participan en plazos de proyectos cruciales o en periodos estacionales cr\u00edticos. Sin embargo, esto tambi\u00e9n significa que la demanda de servicios de reubicaci\u00f3n tiende a aumentar, por lo que es importante reservar los servicios con antelaci\u00f3n y confirmar la disponibilidad.<\/span><\/p><p><span style=\"font-weight: 400;\">Desde un punto de vista personal, los traslados de junio a agosto facilitan la adaptaci\u00f3n al nuevo entorno, sobre todo porque se dispone de m\u00e1s tiempo para instalarse, explorar y establecer contactos sociales. Para las empresas, trasladar a los empleados durante estos meses puede fomentar un equilibrio m\u00e1s positivo entre la vida laboral y la personal, ya que les da tiempo para adaptarse y disfrutar de su nueva ubicaci\u00f3n sin el estr\u00e9s inmediato del trabajo.<\/span><\/p>\t\t\t\t\t\t\t\t<\/div>\n\t\t\t\t<\/div>\n\t\t<div class=\"elementor-element elementor-element-0358294 e-con-full e-flex e-con e-child\" data-id=\"0358294\" data-element_type=\"container\" data-e-type=\"container\">\n\t\t\t\t<div class=\"elementor-element elementor-element-c6972d7 elementor-widget elementor-widget-image\" data-id=\"c6972d7\" data-element_type=\"widget\" data-e-type=\"widget\" data-widget_type=\"image.default\">\n\t\t\t\t\t\t\t\t\t\t\t\t\t\t\t<img decoding=\"async\" width=\"707\" height=\"1024\" src=\"https:\/\/larmgroup.com\/wp-content\/uploads\/2024\/12\/behnam-norouzi-2_l3lUpn4vE-unsplash-707x1024.jpg\" class=\"attachment-large size-large wp-image-11692\" alt=\"planning\" srcset=\"https:\/\/larmgroup.com\/wp-content\/uploads\/2024\/12\/behnam-norouzi-2_l3lUpn4vE-unsplash-707x1024.jpg 707w, https:\/\/larmgroup.com\/wp-content\/uploads\/2024\/12\/behnam-norouzi-2_l3lUpn4vE-unsplash-207x300.jpg 207w, https:\/\/larmgroup.com\/wp-content\/uploads\/2024\/12\/behnam-norouzi-2_l3lUpn4vE-unsplash-768x1112.jpg 768w, https:\/\/larmgroup.com\/wp-content\/uploads\/2024\/12\/behnam-norouzi-2_l3lUpn4vE-unsplash-1061x1536.jpg 1061w, https:\/\/larmgroup.com\/wp-content\/uploads\/2024\/12\/behnam-norouzi-2_l3lUpn4vE-unsplash-1414x2048.jpg 1414w, https:\/\/larmgroup.com\/wp-content\/uploads\/2024\/12\/behnam-norouzi-2_l3lUpn4vE-unsplash-8x12.jpg 8w, https:\/\/larmgroup.com\/wp-content\/uploads\/2024\/12\/behnam-norouzi-2_l3lUpn4vE-unsplash-scaled.jpg 1768w\" sizes=\"(max-width: 707px) 100vw, 707px\" \/>\t\t\t\t\t\t\t\t\t\t\t\t\t\t\t<\/div>\n\t\t\t\t<\/div>\n\t\t\t\t\t<\/div>\n\t\t\t\t<\/div>\n\t\t<div class=\"elementor-element elementor-element-6064ead e-flex e-con-boxed e-con e-parent\" data-id=\"6064ead\" data-element_type=\"container\" data-e-type=\"container\">\n\t\t\t\t\t<div class=\"e-con-inner\">\n\t\t\t\t<div class=\"elementor-element elementor-element-0cd2452 elementor-widget elementor-widget-text-editor\" data-id=\"0cd2452\" data-element_type=\"widget\" data-e-type=\"widget\" data-widget_type=\"text-editor.default\">\n\t\t\t\t\t\t\t\t\t<h2><b>Consejos para el traslado<br \/><br \/><\/b><\/h2><h3><b>Para empresas:<\/b><\/h3><ol><li style=\"font-weight: 400;\" aria-level=\"1\"><b>Empiece a planificar con tiempo:<\/b> <span style=\"font-weight: 400;\"><br \/><\/span><span style=\"font-weight: 400;\">Comience el proceso de traslado con antelaci\u00f3n para asegurarse de que tanto su presupuesto como su equipo est\u00e1n preparados para la transici\u00f3n. Tanto si se trata de un nuevo proyecto, como de un nuevo puesto o de una ampliaci\u00f3n de la empresa en LATAM, una planificaci\u00f3n anticipada ayuda a evitar el estr\u00e9s de \u00faltima hora.<\/span><\/li><li style=\"font-weight: 400;\" aria-level=\"1\"><b>Comun\u00edquese claramente con los empleados:<\/b> <span style=\"font-weight: 400;\"><br \/><\/span><span style=\"font-weight: 400;\">Aseg\u00farese de que sus empleados est\u00e1n al tanto de la mudanza con suficiente antelaci\u00f3n. Para ello, proporci\u00f3neles informaci\u00f3n detallada sobre los paquetes de reubicaci\u00f3n, la log\u00edstica y los servicios de apoyo. Una comunicaci\u00f3n temprana les ayuda a prepararse mental y pr\u00e1cticamente para la mudanza.<\/span><\/li><li style=\"font-weight: 400;\" aria-level=\"1\"><b>Personalice los paquetes de reubicaci\u00f3n:<\/b> <span style=\"font-weight: 400;\"><br \/><\/span><span style=\"font-weight: 400;\">Un enfoque \u00fanico no funciona en la movilidad global. Adapte los paquetes de reubicaci\u00f3n a las necesidades espec\u00edficas del empleado, ya sea un alto ejecutivo o una familia que se traslada a LATAM. Incluya elementos como alojamiento temporal, asistencia para la obtenci\u00f3n de visados, formaci\u00f3n ling\u00fc\u00edstica y orientaci\u00f3n cultural.<\/span><\/li><li style=\"font-weight: 400;\" aria-level=\"1\"><b>Aprovechar la tecnolog\u00eda:<\/b> <span style=\"font-weight: 400;\"><br \/><\/span><span style=\"font-weight: 400;\">Utilice plataformas tecnol\u00f3gicas para gestionar la log\u00edstica del traslado. Esto puede simplificar las tareas administrativas, ayudar a hacer un seguimiento de los gastos y garantizar que el proceso de reubicaci\u00f3n sea organizado y transparente.<\/span><\/li><li style=\"font-weight: 400;\" aria-level=\"1\"><b>Plan de contingencias:<\/b> <span style=\"font-weight: 400;\"><br \/><\/span><span style=\"font-weight: 400;\">Los traslados suelen plantear problemas inesperados: retrasos en los visados, escasez de alojamiento o cambios repentinos en los plazos del proyecto. Es importante anticiparse a los posibles problemas y contar con planes de contingencia.<\/span><\/li><\/ol><h3><b>Para expatriados:<\/b><\/h3><ol><li style=\"font-weight: 400;\" aria-level=\"1\"><b>Investigue a fondo su destino:<\/b> <span style=\"font-weight: 400;\"><br \/><\/span><span style=\"font-weight: 400;\">Dedique tiempo a conocer su nueva ubicaci\u00f3n en LATAM. Comprende la cultura local, el estilo de vida, el coste de la vida y los requisitos legales para facilitar la transici\u00f3n.<\/span><\/li><li style=\"font-weight: 400;\" aria-level=\"1\"><b>Consiga alojamiento cuanto antes:<\/b> <span style=\"font-weight: 400;\"><br \/><\/span><span style=\"font-weight: 400;\">La demanda de alojamiento puede ser alta, especialmente durante las temporadas altas de reubicaci\u00f3n. Consiga alojamiento pronto para asegurarse de encontrar un lugar c\u00f3modo y adecuado.<\/span><\/li><li style=\"font-weight: 400;\" aria-level=\"1\"><b>Ponga sus finanzas en orden:<\/b> <span style=\"font-weight: 400;\"><br \/><\/span><span style=\"font-weight: 400;\">Antes de mudarse, resuelva su situaci\u00f3n financiera abriendo una cuenta en un banco local y ocup\u00e1ndose de las posibles implicaciones fiscales. As\u00ed te asegurar\u00e1s la estabilidad financiera cuando llegues.<\/span><\/li><li style=\"font-weight: 400;\" aria-level=\"1\"><b>Planificar la asistencia sanitaria y el seguro:<\/b> <span style=\"font-weight: 400;\"><br \/><\/span><span style=\"font-weight: 400;\">La cobertura sanitaria es esencial, sobre todo si se traslada a un pa\u00eds con sistemas sanitarios diferentes. Aseg\u00farate de que tu seguro m\u00e9dico cubre tus necesidades en tu nuevo destino.<\/span><\/li><li style=\"font-weight: 400;\" aria-level=\"1\"><b>Implique a su familia en la planificaci\u00f3n:<\/b> <span style=\"font-weight: 400;\"><br \/><\/span><span style=\"font-weight: 400;\">Si se traslada con su familia, aseg\u00farese de que participan en el proceso de planificaci\u00f3n. Esto incluye buscar colegios, opciones de guarder\u00eda y conocer los sistemas de apoyo locales.<\/span><\/li><li style=\"font-weight: 400;\" aria-level=\"1\"><b>Aprenda el idioma:<\/b> <span style=\"font-weight: 400;\"><br \/><\/span><span style=\"font-weight: 400;\">Incluso los conocimientos ling\u00fc\u00edsticos b\u00e1sicos pueden suponer una gran diferencia a la hora de adaptarse a un nuevo pa\u00eds. T\u00f3mate tu tiempo para aprender algunas frases clave, que te ayudar\u00e1n en las tareas e interacciones cotidianas.<\/span><\/li><\/ol>\t\t\t\t\t\t\t\t<\/div>\n\t\t\t\t\t<\/div>\n\t\t\t\t<\/div>\n\t\t<div class=\"elementor-element elementor-element-158eecd e-flex e-con-boxed e-con e-parent\" data-id=\"158eecd\" data-element_type=\"container\" data-e-type=\"container\">\n\t\t\t\t\t<div class=\"e-con-inner\">\n\t\t<div class=\"elementor-element elementor-element-cd9f092 e-con-full e-flex e-con e-child\" data-id=\"cd9f092\" data-element_type=\"container\" data-e-type=\"container\">\n\t\t\t\t<div class=\"elementor-element elementor-element-458e3ff elementor-widget elementor-widget-image\" data-id=\"458e3ff\" data-element_type=\"widget\" data-e-type=\"widget\" data-widget_type=\"image.default\">\n\t\t\t\t\t\t\t\t\t\t\t\t\t\t\t<img loading=\"lazy\" decoding=\"async\" width=\"881\" height=\"1024\" src=\"https:\/\/larmgroup.com\/wp-content\/uploads\/2024\/12\/clay-banks-b5S4FrJb7yQ-unsplash-scaled-e1734562732440-881x1024.jpg\" class=\"attachment-large size-large wp-image-11696\" alt=\"relocation planning\" srcset=\"https:\/\/larmgroup.com\/wp-content\/uploads\/2024\/12\/clay-banks-b5S4FrJb7yQ-unsplash-scaled-e1734562732440-881x1024.jpg 881w, https:\/\/larmgroup.com\/wp-content\/uploads\/2024\/12\/clay-banks-b5S4FrJb7yQ-unsplash-scaled-e1734562732440-258x300.jpg 258w, https:\/\/larmgroup.com\/wp-content\/uploads\/2024\/12\/clay-banks-b5S4FrJb7yQ-unsplash-scaled-e1734562732440-768x893.jpg 768w, https:\/\/larmgroup.com\/wp-content\/uploads\/2024\/12\/clay-banks-b5S4FrJb7yQ-unsplash-scaled-e1734562732440-1322x1536.jpg 1322w, https:\/\/larmgroup.com\/wp-content\/uploads\/2024\/12\/clay-banks-b5S4FrJb7yQ-unsplash-scaled-e1734562732440-10x12.jpg 10w, https:\/\/larmgroup.com\/wp-content\/uploads\/2024\/12\/clay-banks-b5S4FrJb7yQ-unsplash-scaled-e1734562732440.jpg 1707w\" sizes=\"(max-width: 881px) 100vw, 881px\" \/>\t\t\t\t\t\t\t\t\t\t\t\t\t\t\t<\/div>\n\t\t\t\t<\/div>\n\t\t<div class=\"elementor-element elementor-element-cd87f62 e-con-full e-flex e-con e-child\" data-id=\"cd87f62\" data-element_type=\"container\" data-e-type=\"container\">\n\t\t\t\t<div class=\"elementor-element elementor-element-574f75f elementor-widget elementor-widget-text-editor\" data-id=\"574f75f\" data-element_type=\"widget\" data-e-type=\"widget\" data-widget_type=\"text-editor.default\">\n\t\t\t\t\t\t\t\t\t<h2><b>Planificar con antelaci\u00f3n las deslocalizaciones de LATAM en 2025<\/b><\/h2><p><span style=\"font-weight: 400;\">A medida que se acerca 2025, es el momento de empezar a pensar en sus planes de reubicaci\u00f3n para el pr\u00f3ximo a\u00f1o. Tanto si es una empresa que necesita trasladar empleados a LATAM como si es un particular que se prepara para un cambio de vida, planificar con antelaci\u00f3n durante las temporadas altas de reubicaci\u00f3n -de enero a marzo o de junio a agosto- le garantizar\u00e1 una transici\u00f3n m\u00e1s fluida. Cuanto antes planifique, mejor preparado estar\u00e1 para enfrentarse a las complejidades de los traslados internacionales.<\/span><\/p><p><span style=\"font-weight: 400;\">En<\/span><b><a href=\"https:\/\/larmgroup.com\/es\/about-us\/\"> LARM<\/a><\/b><span style=\"font-weight: 400;\"><a href=\"https:\/\/larmgroup.com\/es\/about-us\/\">,<\/a> estamos aqu\u00ed para ayudarle en cada paso de su viaje de reubicaci\u00f3n a Am\u00e9rica Latina. Con cobertura en m\u00e1s de<\/span><a href=\"https:\/\/larmgroup.com\/es\/coverage\/\"><b> 28 pa\u00edses<\/b><\/a><span style=\"font-weight: 400;\"> y 16 oficinas en toda Latinoam\u00e9rica, nuestro equipo de expertos est\u00e1 preparado para ofrecerle la orientaci\u00f3n y el apoyo que necesita.\u00a0<\/span><\/p><p><span style=\"font-weight: 400;\">P\u00f3ngase en contacto con nosotros hoy mismo para empezar a planificar con \u00e9xito su pr\u00f3xima reubicaci\u00f3n en 2025.<\/span><\/p>\t\t\t\t\t\t\t\t<\/div>\n\t\t\t\t<\/div>\n\t\t\t\t\t<\/div>\n\t\t\t\t<\/div>\n\t\t\t\t<\/div>","protected":false},"excerpt":{"rendered":"<p>Relocation is one of the most complex and multifaceted processes faced by companies and expatriates. Whether it\u2019s for business expansion, a job promotion, or a new life in a foreign country, the logistics involved in relocating require careful consideration. From legal requirements, cultural adjustments, housing arrangements to understanding healthcare systems, the process can be overwhelming.\u00a0 [&hellip;]<\/p>\n","protected":false},"author":8,"featured_media":11685,"comment_status":"open","ping_status":"closed","sticky":false,"template":"","format":"standard","meta":{"site-sidebar-layout":"default","site-content-layout":"","ast-site-content-layout":"default","site-content-style":"default","site-sidebar-style":"default","ast-global-header-display":"","ast-banner-title-visibility":"","ast-main-header-display":"","ast-hfb-above-header-display":"","ast-hfb-below-header-display":"","ast-hfb-mobile-header-display":"","site-post-title":"","ast-breadcrumbs-content":"","ast-featured-img":"","footer-sml-layout":"","ast-disable-related-posts":"","theme-transparent-header-meta":"","adv-header-id-meta":"","stick-header-meta":"","header-above-stick-meta":"","header-main-stick-meta":"","header-below-stick-meta":"","astra-migrate-meta-layouts":"set","ast-page-background-enabled":"default","ast-page-background-meta":{"desktop":{"background-color":"var(--ast-global-color-4)","background-image":"","background-repeat":"repeat","background-position":"center center","background-size":"auto","background-attachment":"scroll","background-type":"","background-media":"","overlay-type":"","overlay-color":"","overlay-opacity":"","overlay-gradient":""},"tablet":{"background-color":"","background-image":"","background-repeat":"repeat","background-position":"center center","background-size":"auto","background-attachment":"scroll","background-type":"","background-media":"","overlay-type":"","overlay-color":"","overlay-opacity":"","overlay-gradient":""},"mobile":{"background-color":"","background-image":"","background-repeat":"repeat","background-position":"center center","background-size":"auto","background-attachment":"scroll","background-type":"","background-media":"","overlay-type":"","overlay-color":"","overlay-opacity":"","overlay-gradient":""}},"ast-content-background-meta":{"desktop":{"background-color":"var(--ast-global-color-5)","background-image":"","background-repeat":"repeat","background-position":"center center","background-size":"auto","background-attachment":"scroll","background-type":"","background-media":"","overlay-type":"","overlay-color":"","overlay-opacity":"","overlay-gradient":""},"tablet":{"background-color":"var(--ast-global-color-5)","background-image":"","background-repeat":"repeat","background-position":"center center","background-size":"auto","background-attachment":"scroll","background-type":"","background-media":"","overlay-type":"","overlay-color":"","overlay-opacity":"","overlay-gradient":""},"mobile":{"background-color":"var(--ast-global-color-5)","background-image":"","background-repeat":"repeat","background-position":"center center","background-size":"auto","background-attachment":"scroll","background-type":"","background-media":"","overlay-type":"","overlay-color":"","overlay-opacity":"","overlay-gradient":""}},"footnotes":""},"categories":[29],"tags":[],"class_list":["post-11684","post","type-post","status-publish","format-standard","has-post-thumbnail","hentry","category-relocation-mobility"],"_links":{"self":[{"href":"https:\/\/larmgroup.com\/es\/wp-json\/wp\/v2\/posts\/11684","targetHints":{"allow":["GET"]}}],"collection":[{"href":"https:\/\/larmgroup.com\/es\/wp-json\/wp\/v2\/posts"}],"about":[{"href":"https:\/\/larmgroup.com\/es\/wp-json\/wp\/v2\/types\/post"}],"author":[{"embeddable":true,"href":"https:\/\/larmgroup.com\/es\/wp-json\/wp\/v2\/users\/8"}],"replies":[{"embeddable":true,"href":"https:\/\/larmgroup.com\/es\/wp-json\/wp\/v2\/comments?post=11684"}],"version-history":[{"count":0,"href":"https:\/\/larmgroup.com\/es\/wp-json\/wp\/v2\/posts\/11684\/revisions"}],"wp:featuredmedia":[{"embeddable":true,"href":"https:\/\/larmgroup.com\/es\/wp-json\/wp\/v2\/media\/11685"}],"wp:attachment":[{"href":"https:\/\/larmgroup.com\/es\/wp-json\/wp\/v2\/media?parent=11684"}],"wp:term":[{"taxonomy":"category","embeddable":true,"href":"https:\/\/larmgroup.com\/es\/wp-json\/wp\/v2\/categories?post=11684"},{"taxonomy":"post_tag","embeddable":true,"href":"https:\/\/larmgroup.com\/es\/wp-json\/wp\/v2\/tags?post=11684"}],"curies":[{"name":"wp","href":"https:\/\/api.w.org\/{rel}","templated":true}]}}